{"id":4803,"date":"2025-10-12T19:28:17","date_gmt":"2025-10-12T17:28:17","guid":{"rendered":"https:\/\/bilanciailcd.it\/it\/?p=4803"},"modified":"2025-10-13T19:36:55","modified_gmt":"2025-10-13T17:36:55","slug":"metrologia-legale-70-anniversario-delloiml","status":"publish","type":"post","link":"https:\/\/bilanciailcd.it\/it\/press\/2025\/10\/12\/metrologia-legale-70-anniversario-oiml-12-ottobre\/","title":{"rendered":"Metrologia Legale: 70\u00b0 anniversario dell&#8217;OIML"},"content":{"rendered":"<p><\/p>\n<h2>Un anniversario da celebrare<\/h2>\n<p>Il <strong>12 ottobre<\/strong> segna l&#8217;anniversario della fondazione dell&#8217;<strong>Organizzazione Internazionale di Metrologia Legale<\/strong> (OIML), istituita nel 1955. Questa organizzazione intergovernativa, che riunisce oltre 60 Stati membri, ha una missione fondamentale: armonizzare le regolamentazioni e i <a href=\"https:\/\/bilanciailcd.it\/it\/laboratorio\/\"><strong>controlli metrologici degli strumenti di misura<\/strong><\/a> utilizzati nel commercio, nell&#8217;industria e nella tutela dei consumatori. In un mondo globalizzato, la certezza che un litro misurato in Italia corrisponda esattamente a un litro in Giappone non \u00e8 un dettaglio tecnico, ma un pilastro del commercio internazionale e della protezione dei consumatori. Celebrare questa ricorrenza significa riconoscere il valore della fiducia nelle misurazioni e ci aiuta a:<\/p>\n<ul>\n<li>Sensibilizzare sull&#8217;importanza delle misurazioni accurate e affidabili.<\/li>\n<li>Promuovere l&#8217;adozione di normative metrologiche comuni tra i Paesi.<\/li>\n<li>Evidenziare come la metrologia legale protegga i consumatori, supporti il commercio equo e contribuisca allo sviluppo sostenibile.<\/li>\n<\/ul>\n<h2>La metrologia nella vita quotidiana<\/h2>\n<p>La metrologia legale accompagna ogni momento della nostra giornata. Quando acquistiamo frutta al mercato, la bilancia deve essere verificata periodicamente per garantire transazioni eque. Quando facciamo rifornimento, i distributori sono controllati per assicurare che eroghino esattamente la quantit\u00e0 indicata. I contatori di energia, gas e acqua nelle nostre case sono sottoposti a controlli metrologici per garantire che paghiamo esattamente per ci\u00f2 che consumiamo.<\/p>\n<p>Nel settore <strong>sanitario<\/strong>, ad esempio, la precisione \u00e8 questione di vita o di morte: dai dispositivi per misurare la pressione arteriosa agli strumenti per il dosaggio dei farmaci, ogni misurazione deve rispettare standard rigorosi. Un errore di pochi millilitri o di pochi gradi pu\u00f2 avere conseguenze drammatiche.<\/p>\n<p><img loading=\"lazy\" decoding=\"async\" class=\"alignnone size-large wp-image-4602\" src=\"https:\/\/bilanciailcd.it\/wp-content\/uploads\/2025\/02\/taratura_verifiche_periodiche-1024x683.jpg\" alt=\"\" width=\"1024\" height=\"683\" srcset=\"https:\/\/bilanciailcd.it\/wp-content\/uploads\/2025\/02\/taratura_verifiche_periodiche-1024x683.jpg 1024w, https:\/\/bilanciailcd.it\/wp-content\/uploads\/2025\/02\/taratura_verifiche_periodiche-300x200.jpg 300w, https:\/\/bilanciailcd.it\/wp-content\/uploads\/2025\/02\/taratura_verifiche_periodiche-768x512.jpg 768w, https:\/\/bilanciailcd.it\/wp-content\/uploads\/2025\/02\/taratura_verifiche_periodiche-600x400.jpg 600w, https:\/\/bilanciailcd.it\/wp-content\/uploads\/2025\/02\/taratura_verifiche_periodiche.jpg 1200w\" sizes=\"auto, (max-width: 1024px) 100vw, 1024px\" \/><\/p>\n<h2>Industria e commercio: dove la precisione \u00e8 valore<\/h2>\n<p>Nel settore industriale, la metrologia legale \u00e8 altrettanto critica. Nella <a href=\"https:\/\/bilanciailcd.it\/it\/categoria\/multipurpose-scales\/bilance-di-precisione\/\"><strong>pesatura della produzione farmaceutica<\/strong><\/a>, ogni grammo di principio attivo deve essere misurato con precisione assoluta. Nella <a href=\"https:\/\/bilanciailcd.it\/it\/categoria\/weighing-systems\/etichettatura\/\"><strong>pesatura per l&#8217;industria alimentare<\/strong><\/a>, il peso dei prodotti confezionati \u00e8 soggetto a tolleranze rigorose per evitare frodi commerciali.<\/p>\n<p>Il <strong>commercio internazionale<\/strong> si basa interamente sulla fiducia nelle misurazioni. Quando una nave cargo trasporta migliaia di tonnellate di grano, la differenza tra una misurazione accurata e una approssimativa pu\u00f2 tradursi in milioni di euro. Nel settore della <a href=\"https:\/\/bilanciailcd.it\/it\/categoria\/multipurpose-scales\/bilance-di-precisione\/\"><strong>pesatura dei metalli preziosi<\/strong><\/a>, le bilance devono garantire precisioni dell&#8217;ordine del milligrammo.<\/p>\n<p>La metrologia legale \u00e8 fondamentale anche per la protezione <strong>ambientale<\/strong>: i rilevatori di inquinanti atmosferici e gli strumenti per monitorare le emissioni industriali devono fornire dati affidabili. Nel campo della <strong>sicurezza<\/strong> stradale, etilometri e dispositivi di rilevamento della velocit\u00e0 devono essere calibrati regolarmente per garantire controlli giusti ed efficaci.<\/p>\n<h2>Un sistema invisibile ma indispensabile<\/h2>\n<p>L&#8217;anniversario dell&#8217;OIML \u00e8 l&#8217;occasione per riflettere su quanto la nostra societ\u00e0 dipenda da un sistema di misurazioni accurate e affidabili. La metrologia legale \u00e8 uno di quei meccanismi invisibili che fanno funzionare la civilt\u00e0 moderna: non ce ne accorgiamo quando funziona, ma la sua assenza creerebbe il caos.<\/p>\n<p>In un&#8217;epoca in cui i dati pervadono ogni aspetto della nostra esistenza, il lavoro dell&#8217;OIML rappresenta un baluardo contro l&#8217;arbitrariet\u00e0 e la frode, garantendo <strong>equit\u00e0, sicurezza e progresso<\/strong>.<\/p>\n<h1><strong>Rivolgiti a noi<\/strong><\/h1>\n<p>Il nostro <a href=\"https:\/\/bilanciailcd.it\/it\/laboratorio\/\"><strong>Organismo di Ispezione &#8211; Laboratorio Metrologico LCD Srl &#8211; Cutino Div. OdI SA405<\/strong><\/a> &#8211; svolge la sua attivit\u00e0 di Verificazione Periodica secondo la norma UNI CEI EN ISO\/IEC 17020:2012. Siamo a disposizione per fornire <strong>consulenze personalizzate e supporto<\/strong> nel campo della Metrologia Legale. Contattaci per una consulenza scrivendoci all\u2019indirizzo <strong><a href=\"mailto:tecnologia@laboratoriometrologico.net\">tecnologia@laboratoriometrologico.net<\/a>\u00a0<\/strong>o chiamaci allo<strong> 089 954279.<\/strong><\/p>\n<p>&nbsp;<\/p>","protected":false},"excerpt":{"rendered":"<p>Un anniversario da celebrare Il 12 ottobre segna l&#8217;anniversario della fondazione dell&#8217;Organizzazione Internazionale di Metrologia Legale (OIML), istituita nel 1955. Questa organizzazione intergovernativa, che riunisce oltre 60 Stati membri, ha una missione fondamentale: armonizzare le regolamentazioni e i controlli metrologici degli strumenti di misura utilizzati nel commercio, nell&#8217;industria e nella tutela dei consumatori. In un [&hellip;]<\/p>\n","protected":false},"author":1,"featured_media":4810,"comment_status":"closed","ping_status":"closed","sticky":false,"template":"","format":"standard","meta":{"_acf_changed":false,"footnotes":""},"categories":[82],"tags":[],"class_list":["post-4803","post","type-post","status-publish","format-standard","has-post-thumbnail","hentry","category-metrologia"],"acf":[],"yoast_head":"<!-- This site is optimized with the Yoast SEO plugin v27.5 - https:\/\/yoast.com\/product\/yoast-seo-wordpress\/ -->\n<title>Metrologia Legale: 70\u00b0 anniversario dell&#039;OIML - LCD Strumenti per pesare<\/title>\n<meta name=\"description\" content=\"Il 12 ottobre Organizzazione Internazionale di Metrologia Legale (OIML) per ricordare quanto sia importante la metrologia in ogni settore.\" \/>\n<meta name=\"robots\" content=\"index, follow, max-snippet:-1, max-image-preview:large, max-video-preview:-1\" \/>\n<link rel=\"canonical\" href=\"https:\/\/bilanciailcd.it\/it\/press\/2025\/10\/12\/metrologia-legale-70-anniversario-oiml-12-ottobre\/\" \/>\n<meta property=\"og:locale\" content=\"it_IT\" \/>\n<meta property=\"og:type\" content=\"article\" \/>\n<meta property=\"og:title\" content=\"Metrologia Legale: 70\u00b0 anniversario dell&#039;OIML - LCD Strumenti per pesare\" \/>\n<meta property=\"og:description\" content=\"Il 12 ottobre Organizzazione Internazionale di Metrologia Legale (OIML) per ricordare quanto sia importante la metrologia in ogni settore.\" \/>\n<meta property=\"og:url\" content=\"https:\/\/bilanciailcd.it\/it\/press\/2025\/10\/12\/metrologia-legale-70-anniversario-oiml-12-ottobre\/\" \/>\n<meta property=\"og:site_name\" content=\"LCD Strumenti per pesare\" \/>\n<meta property=\"article:published_time\" content=\"2025-10-12T17:28:17+00:00\" \/>\n<meta property=\"article:modified_time\" content=\"2025-10-13T17:36:55+00:00\" \/>\n<meta property=\"og:image\" content=\"https:\/\/bilanciailcd.it\/wp-content\/uploads\/2025\/10\/anniversario-OIML-12-ott.png\" \/>\n\t<meta property=\"og:image:width\" content=\"979\" \/>\n\t<meta property=\"og:image:height\" content=\"600\" \/>\n\t<meta property=\"og:image:type\" content=\"image\/png\" \/>\n<meta name=\"author\" content=\"lcd\" \/>\n<meta name=\"twitter:card\" content=\"summary_large_image\" \/>\n<meta name=\"twitter:label1\" content=\"Scritto da\" \/>\n\t<meta name=\"twitter:data1\" content=\"lcd\" \/>\n\t<meta name=\"twitter:label2\" content=\"Tempo di lettura stimato\" \/>\n\t<meta name=\"twitter:data2\" content=\"4 minuti\" \/>\n<script type=\"application\/ld+json\" class=\"yoast-schema-graph\">{\"@context\":\"https:\\\/\\\/schema.org\",\"@graph\":[{\"@type\":\"Article\",\"@id\":\"https:\\\/\\\/bilanciailcd.it\\\/it\\\/press\\\/2025\\\/10\\\/12\\\/metrologia-legale-70-anniversario-oiml-12-ottobre\\\/#article\",\"isPartOf\":{\"@id\":\"https:\\\/\\\/bilanciailcd.it\\\/it\\\/press\\\/2025\\\/10\\\/12\\\/metrologia-legale-70-anniversario-oiml-12-ottobre\\\/\"},\"author\":{\"name\":\"lcd\",\"@id\":\"https:\\\/\\\/bilanciailcd.it\\\/it\\\/#\\\/schema\\\/person\\\/2a1301991a79997919c05e0a0a02ae2e\"},\"headline\":\"Metrologia Legale: 70\u00b0 anniversario dell&#8217;OIML\",\"datePublished\":\"2025-10-12T17:28:17+00:00\",\"dateModified\":\"2025-10-13T17:36:55+00:00\",\"mainEntityOfPage\":{\"@id\":\"https:\\\/\\\/bilanciailcd.it\\\/it\\\/press\\\/2025\\\/10\\\/12\\\/metrologia-legale-70-anniversario-oiml-12-ottobre\\\/\"},\"wordCount\":1078,\"image\":{\"@id\":\"https:\\\/\\\/bilanciailcd.it\\\/it\\\/press\\\/2025\\\/10\\\/12\\\/metrologia-legale-70-anniversario-oiml-12-ottobre\\\/#primaryimage\"},\"thumbnailUrl\":\"https:\\\/\\\/bilanciailcd.it\\\/wp-content\\\/uploads\\\/2025\\\/10\\\/anniversario-OIML-12-ott.png\",\"articleSection\":[\"Metrologia\"],\"inLanguage\":\"it-IT\"},{\"@type\":\"WebPage\",\"@id\":\"https:\\\/\\\/bilanciailcd.it\\\/it\\\/press\\\/2025\\\/10\\\/12\\\/metrologia-legale-70-anniversario-oiml-12-ottobre\\\/\",\"url\":\"https:\\\/\\\/bilanciailcd.it\\\/it\\\/press\\\/2025\\\/10\\\/12\\\/metrologia-legale-70-anniversario-oiml-12-ottobre\\\/\",\"name\":\"Metrologia Legale: 70\u00b0 anniversario dell'OIML - LCD Strumenti per pesare\",\"isPartOf\":{\"@id\":\"https:\\\/\\\/bilanciailcd.it\\\/it\\\/#website\"},\"primaryImageOfPage\":{\"@id\":\"https:\\\/\\\/bilanciailcd.it\\\/it\\\/press\\\/2025\\\/10\\\/12\\\/metrologia-legale-70-anniversario-oiml-12-ottobre\\\/#primaryimage\"},\"image\":{\"@id\":\"https:\\\/\\\/bilanciailcd.it\\\/it\\\/press\\\/2025\\\/10\\\/12\\\/metrologia-legale-70-anniversario-oiml-12-ottobre\\\/#primaryimage\"},\"thumbnailUrl\":\"https:\\\/\\\/bilanciailcd.it\\\/wp-content\\\/uploads\\\/2025\\\/10\\\/anniversario-OIML-12-ott.png\",\"datePublished\":\"2025-10-12T17:28:17+00:00\",\"dateModified\":\"2025-10-13T17:36:55+00:00\",\"author\":{\"@id\":\"https:\\\/\\\/bilanciailcd.it\\\/it\\\/#\\\/schema\\\/person\\\/2a1301991a79997919c05e0a0a02ae2e\"},\"description\":\"Il 12 ottobre Organizzazione Internazionale di Metrologia Legale (OIML) per ricordare quanto sia importante la metrologia in ogni settore.\",\"breadcrumb\":{\"@id\":\"https:\\\/\\\/bilanciailcd.it\\\/it\\\/press\\\/2025\\\/10\\\/12\\\/metrologia-legale-70-anniversario-oiml-12-ottobre\\\/#breadcrumb\"},\"inLanguage\":\"it-IT\",\"potentialAction\":[{\"@type\":\"ReadAction\",\"target\":[[\"https:\\\/\\\/bilanciailcd.it\\\/it\\\/press\\\/2025\\\/10\\\/12\\\/metrologia-legale-70-anniversario-oiml-12-ottobre\\\/\"]]}]},{\"@type\":\"ImageObject\",\"inLanguage\":\"it-IT\",\"@id\":\"https:\\\/\\\/bilanciailcd.it\\\/it\\\/press\\\/2025\\\/10\\\/12\\\/metrologia-legale-70-anniversario-oiml-12-ottobre\\\/#primaryimage\",\"url\":\"https:\\\/\\\/bilanciailcd.it\\\/wp-content\\\/uploads\\\/2025\\\/10\\\/anniversario-OIML-12-ott.png\",\"contentUrl\":\"https:\\\/\\\/bilanciailcd.it\\\/wp-content\\\/uploads\\\/2025\\\/10\\\/anniversario-OIML-12-ott.png\",\"width\":979,\"height\":600},{\"@type\":\"BreadcrumbList\",\"@id\":\"https:\\\/\\\/bilanciailcd.it\\\/it\\\/press\\\/2025\\\/10\\\/12\\\/metrologia-legale-70-anniversario-oiml-12-ottobre\\\/#breadcrumb\",\"itemListElement\":[{\"@type\":\"ListItem\",\"position\":1,\"name\":\"Home\",\"item\":\"https:\\\/\\\/bilanciailcd.it\\\/it\\\/\"},{\"@type\":\"ListItem\",\"position\":2,\"name\":\"Metrologia Legale: 70\u00b0 anniversario dell&#8217;OIML\"}]},{\"@type\":\"WebSite\",\"@id\":\"https:\\\/\\\/bilanciailcd.it\\\/it\\\/#website\",\"url\":\"https:\\\/\\\/bilanciailcd.it\\\/it\\\/\",\"name\":\"LCD Strumenti per pesare\",\"description\":\"Pesatura industriale\",\"potentialAction\":[{\"@type\":\"SearchAction\",\"target\":{\"@type\":\"EntryPoint\",\"urlTemplate\":\"https:\\\/\\\/bilanciailcd.it\\\/it\\\/?s={search_term_string}\"},\"query-input\":{\"@type\":\"PropertyValueSpecification\",\"valueRequired\":true,\"valueName\":\"search_term_string\"}}],\"inLanguage\":\"it-IT\"},{\"@type\":\"Person\",\"@id\":\"https:\\\/\\\/bilanciailcd.it\\\/it\\\/#\\\/schema\\\/person\\\/2a1301991a79997919c05e0a0a02ae2e\",\"name\":\"lcd\",\"image\":{\"@type\":\"ImageObject\",\"inLanguage\":\"it-IT\",\"@id\":\"https:\\\/\\\/secure.gravatar.com\\\/avatar\\\/deef96f2628eca84fc5d42303acd69e5de808614dbfeef1e0e7e7a348c437564?s=96&d=mm&r=g\",\"url\":\"https:\\\/\\\/secure.gravatar.com\\\/avatar\\\/deef96f2628eca84fc5d42303acd69e5de808614dbfeef1e0e7e7a348c437564?s=96&d=mm&r=g\",\"contentUrl\":\"https:\\\/\\\/secure.gravatar.com\\\/avatar\\\/deef96f2628eca84fc5d42303acd69e5de808614dbfeef1e0e7e7a348c437564?s=96&d=mm&r=g\",\"caption\":\"lcd\"},\"sameAs\":[\"https:\\\/\\\/bilanciailcd.it\"],\"url\":\"https:\\\/\\\/bilanciailcd.it\\\/it\\\/press\\\/author\\\/lcd\\\/\"}]}<\/script>\n<!-- \/ Yoast SEO plugin. -->","yoast_head_json":{"title":"Metrologia Legale: 70\u00b0 anniversario dell'OIML - LCD Strumenti per pesare","description":"Il 12 ottobre Organizzazione Internazionale di Metrologia Legale (OIML) per ricordare quanto sia importante la metrologia in ogni settore.","robots":{"index":"index","follow":"follow","max-snippet":"max-snippet:-1","max-image-preview":"max-image-preview:large","max-video-preview":"max-video-preview:-1"},"canonical":"https:\/\/bilanciailcd.it\/it\/press\/2025\/10\/12\/metrologia-legale-70-anniversario-oiml-12-ottobre\/","og_locale":"it_IT","og_type":"article","og_title":"Metrologia Legale: 70\u00b0 anniversario dell'OIML - LCD Strumenti per pesare","og_description":"Il 12 ottobre Organizzazione Internazionale di Metrologia Legale (OIML) per ricordare quanto sia importante la metrologia in ogni settore.","og_url":"https:\/\/bilanciailcd.it\/it\/press\/2025\/10\/12\/metrologia-legale-70-anniversario-oiml-12-ottobre\/","og_site_name":"LCD Strumenti per pesare","article_published_time":"2025-10-12T17:28:17+00:00","article_modified_time":"2025-10-13T17:36:55+00:00","og_image":[{"width":979,"height":600,"url":"https:\/\/bilanciailcd.it\/wp-content\/uploads\/2025\/10\/anniversario-OIML-12-ott.png","type":"image\/png"}],"author":"lcd","twitter_card":"summary_large_image","twitter_misc":{"Scritto da":"lcd","Tempo di lettura stimato":"4 minuti"},"schema":{"@context":"https:\/\/schema.org","@graph":[{"@type":"Article","@id":"https:\/\/bilanciailcd.it\/it\/press\/2025\/10\/12\/metrologia-legale-70-anniversario-oiml-12-ottobre\/#article","isPartOf":{"@id":"https:\/\/bilanciailcd.it\/it\/press\/2025\/10\/12\/metrologia-legale-70-anniversario-oiml-12-ottobre\/"},"author":{"name":"lcd","@id":"https:\/\/bilanciailcd.it\/it\/#\/schema\/person\/2a1301991a79997919c05e0a0a02ae2e"},"headline":"Metrologia Legale: 70\u00b0 anniversario dell&#8217;OIML","datePublished":"2025-10-12T17:28:17+00:00","dateModified":"2025-10-13T17:36:55+00:00","mainEntityOfPage":{"@id":"https:\/\/bilanciailcd.it\/it\/press\/2025\/10\/12\/metrologia-legale-70-anniversario-oiml-12-ottobre\/"},"wordCount":1078,"image":{"@id":"https:\/\/bilanciailcd.it\/it\/press\/2025\/10\/12\/metrologia-legale-70-anniversario-oiml-12-ottobre\/#primaryimage"},"thumbnailUrl":"https:\/\/bilanciailcd.it\/wp-content\/uploads\/2025\/10\/anniversario-OIML-12-ott.png","articleSection":["Metrologia"],"inLanguage":"it-IT"},{"@type":"WebPage","@id":"https:\/\/bilanciailcd.it\/it\/press\/2025\/10\/12\/metrologia-legale-70-anniversario-oiml-12-ottobre\/","url":"https:\/\/bilanciailcd.it\/it\/press\/2025\/10\/12\/metrologia-legale-70-anniversario-oiml-12-ottobre\/","name":"Metrologia Legale: 70\u00b0 anniversario dell'OIML - LCD Strumenti per pesare","isPartOf":{"@id":"https:\/\/bilanciailcd.it\/it\/#website"},"primaryImageOfPage":{"@id":"https:\/\/bilanciailcd.it\/it\/press\/2025\/10\/12\/metrologia-legale-70-anniversario-oiml-12-ottobre\/#primaryimage"},"image":{"@id":"https:\/\/bilanciailcd.it\/it\/press\/2025\/10\/12\/metrologia-legale-70-anniversario-oiml-12-ottobre\/#primaryimage"},"thumbnailUrl":"https:\/\/bilanciailcd.it\/wp-content\/uploads\/2025\/10\/anniversario-OIML-12-ott.png","datePublished":"2025-10-12T17:28:17+00:00","dateModified":"2025-10-13T17:36:55+00:00","author":{"@id":"https:\/\/bilanciailcd.it\/it\/#\/schema\/person\/2a1301991a79997919c05e0a0a02ae2e"},"description":"Il 12 ottobre Organizzazione Internazionale di Metrologia Legale (OIML) per ricordare quanto sia importante la metrologia in ogni settore.","breadcrumb":{"@id":"https:\/\/bilanciailcd.it\/it\/press\/2025\/10\/12\/metrologia-legale-70-anniversario-oiml-12-ottobre\/#breadcrumb"},"inLanguage":"it-IT","potentialAction":[{"@type":"ReadAction","target":[["https:\/\/bilanciailcd.it\/it\/press\/2025\/10\/12\/metrologia-legale-70-anniversario-oiml-12-ottobre\/"]]}]},{"@type":"ImageObject","inLanguage":"it-IT","@id":"https:\/\/bilanciailcd.it\/it\/press\/2025\/10\/12\/metrologia-legale-70-anniversario-oiml-12-ottobre\/#primaryimage","url":"https:\/\/bilanciailcd.it\/wp-content\/uploads\/2025\/10\/anniversario-OIML-12-ott.png","contentUrl":"https:\/\/bilanciailcd.it\/wp-content\/uploads\/2025\/10\/anniversario-OIML-12-ott.png","width":979,"height":600},{"@type":"BreadcrumbList","@id":"https:\/\/bilanciailcd.it\/it\/press\/2025\/10\/12\/metrologia-legale-70-anniversario-oiml-12-ottobre\/#breadcrumb","itemListElement":[{"@type":"ListItem","position":1,"name":"Home","item":"https:\/\/bilanciailcd.it\/it\/"},{"@type":"ListItem","position":2,"name":"Metrologia Legale: 70\u00b0 anniversario dell&#8217;OIML"}]},{"@type":"WebSite","@id":"https:\/\/bilanciailcd.it\/it\/#website","url":"https:\/\/bilanciailcd.it\/it\/","name":"LCD Strumenti per pesare","description":"Pesatura industriale","potentialAction":[{"@type":"SearchAction","target":{"@type":"EntryPoint","urlTemplate":"https:\/\/bilanciailcd.it\/it\/?s={search_term_string}"},"query-input":{"@type":"PropertyValueSpecification","valueRequired":true,"valueName":"search_term_string"}}],"inLanguage":"it-IT"},{"@type":"Person","@id":"https:\/\/bilanciailcd.it\/it\/#\/schema\/person\/2a1301991a79997919c05e0a0a02ae2e","name":"lcd","image":{"@type":"ImageObject","inLanguage":"it-IT","@id":"https:\/\/secure.gravatar.com\/avatar\/deef96f2628eca84fc5d42303acd69e5de808614dbfeef1e0e7e7a348c437564?s=96&d=mm&r=g","url":"https:\/\/secure.gravatar.com\/avatar\/deef96f2628eca84fc5d42303acd69e5de808614dbfeef1e0e7e7a348c437564?s=96&d=mm&r=g","contentUrl":"https:\/\/secure.gravatar.com\/avatar\/deef96f2628eca84fc5d42303acd69e5de808614dbfeef1e0e7e7a348c437564?s=96&d=mm&r=g","caption":"lcd"},"sameAs":["https:\/\/bilanciailcd.it"],"url":"https:\/\/bilanciailcd.it\/it\/press\/author\/lcd\/"}]}},"_links":{"self":[{"href":"https:\/\/bilanciailcd.it\/it\/wp-json\/wp\/v2\/posts\/4803","targetHints":{"allow":["GET"]}}],"collection":[{"href":"https:\/\/bilanciailcd.it\/it\/wp-json\/wp\/v2\/posts"}],"about":[{"href":"https:\/\/bilanciailcd.it\/it\/wp-json\/wp\/v2\/types\/post"}],"author":[{"embeddable":true,"href":"https:\/\/bilanciailcd.it\/it\/wp-json\/wp\/v2\/users\/1"}],"replies":[{"embeddable":true,"href":"https:\/\/bilanciailcd.it\/it\/wp-json\/wp\/v2\/comments?post=4803"}],"version-history":[{"count":5,"href":"https:\/\/bilanciailcd.it\/it\/wp-json\/wp\/v2\/posts\/4803\/revisions"}],"predecessor-version":[{"id":4809,"href":"https:\/\/bilanciailcd.it\/it\/wp-json\/wp\/v2\/posts\/4803\/revisions\/4809"}],"wp:featuredmedia":[{"embeddable":true,"href":"https:\/\/bilanciailcd.it\/it\/wp-json\/wp\/v2\/media\/4810"}],"wp:attachment":[{"href":"https:\/\/bilanciailcd.it\/it\/wp-json\/wp\/v2\/media?parent=4803"}],"wp:term":[{"taxonomy":"category","embeddable":true,"href":"https:\/\/bilanciailcd.it\/it\/wp-json\/wp\/v2\/categories?post=4803"},{"taxonomy":"post_tag","embeddable":true,"href":"https:\/\/bilanciailcd.it\/it\/wp-json\/wp\/v2\/tags?post=4803"}],"curies":[{"name":"wp","href":"https:\/\/api.w.org\/{rel}","templated":true}]}}